{"id":937,"date":"2024-06-04T19:09:16","date_gmt":"2024-06-04T19:09:16","guid":{"rendered":"https:\/\/www.rinkusukankarate.fi\/?p=937"},"modified":"2024-10-16T18:10:08","modified_gmt":"2024-10-16T18:10:08","slug":"sensei-simon-blighin-leiri","status":"publish","type":"post","link":"https:\/\/www.rinkusukankarate.fi\/index.php\/2024\/06\/04\/sensei-simon-blighin-leiri\/","title":{"rendered":"Sensei Simon Blighin leiri\u00a0"},"content":{"rendered":"\t\t<div data-elementor-type=\"wp-post\" data-elementor-id=\"937\" class=\"elementor elementor-937\">\n\t\t\t\t\t\t<section class=\"elementor-section elementor-top-section elementor-element elementor-element-6f2d5daa elementor-section-boxed elementor-section-height-default elementor-section-height-default\" data-id=\"6f2d5daa\" data-element_type=\"section\" data-e-type=\"section\">\n\t\t\t\t\t\t<div class=\"elementor-container elementor-column-gap-default\">\n\t\t\t\t\t<div class=\"elementor-column elementor-col-100 elementor-top-column elementor-element elementor-element-49f428f6\" data-id=\"49f428f6\" data-element_type=\"column\" data-e-type=\"column\">\n\t\t\t<div class=\"elementor-widget-wrap elementor-element-populated\">\n\t\t\t\t\t\t<div class=\"elementor-element elementor-element-6c34ac43 elementor-widget elementor-widget-text-editor\" data-id=\"6c34ac43\" data-element_type=\"widget\" data-e-type=\"widget\" data-widget_type=\"text-editor.default\">\n\t\t\t\t<div class=\"elementor-widget-container\">\n\t\t\t\t\t\t\t\t\t<p><\/p>\n<h1 class=\"wp-block-heading\">Riihim\u00e4ell\u00e4<\/h1>\n<p><\/p>\n<p><\/p>\n<h1 class=\"wp-block-heading\">26-27.10.2024<\/h1>\n<p><\/p>\n<p><\/p>\n<figure><img decoding=\"async\" style=\"width: 865px; height: auto;\" src=\"https:\/\/www.rinkusukankarate.fi\/wp-content\/uploads\/2024\/06\/Rinkusukan-Simon-Bligh-3.png\" alt=\"\" \/><\/figure>\n<p><\/p>\n<p><\/p>\n<h2 class=\"wp-block-heading\">Leiri on avoin kaikille karatekoille!\u00a0<\/h2>\n<p><\/p>\n<p><\/p>\n<p><strong>Simon Bligh, 6 dan HDKI on Iso-Britannian tekninen p\u00e4\u00e4opettaja.<\/strong><\/p>\n<p>\u00a0<\/p>\n<p><\/p>\n<p><\/p>\n<p>Simon tulee pit\u00e4m\u00e4\u00e4n tekniikkaleirin Riihim\u00e4elle 26.-27.10.2024. H\u00e4n on aloittanut karaten vuonna 1974, ja harjoittelee sek\u00e4 opettaa edelleen todella aktiivisesti.<\/p>\n<p><\/p>\n<p><\/p>\n<p>Leirille ovat kaikki tervetulleita &#8211; tyylisuunnasta ja i\u00e4st\u00e4 riippumatta!<\/p>\n<p>HINTA: 35 \u20ac\/2 PV, 25 \u20ac\/1 PV (Rinkusukanin j\u00e4senet 25 \u20ac\/2pv ja 15 \u20ac\/ 1pv)<\/p>\n<p>HARJOITUSAJAT:\u00a0<\/p>\n<p><span style=\"background-color: #ffffff; color: #202124; font-family: docs-Roboto; font-size: 14.6667px; text-align: center; white-space-collapse: preserve; font-weight: var( --e-global-typography-text-font-weight );\">La\/On Saturday 10.30-14 Riihim\u00e4en Harjunrinteen koulu<\/span><\/p>\n<p><span style=\"color: #202124; font-family: docs-Roboto; font-size: 14.6667px; text-align: center; white-space-collapse: preserve; background-color: #ffffff;\">Su\/On Sunday 10.30-14 Riihim\u00e4en Patastenm\u00e4en koulu<\/span><span style=\"background-color: #ffffff; color: #202124; font-family: docs-Roboto; font-size: 14.6667px; text-align: center; white-space-collapse: preserve; font-weight: var( --e-global-typography-text-font-weight );\"><br \/><\/span><\/p>\n<p>\u00a0<\/p>\n<p>\u00a0<\/p>\n<p><\/p>\n<p><\/p>\n<p>T\u00e4\u00e4lt\u00e4 p\u00e4\u00e4set lukemaan lis\u00e4\u00e4 Simonista: <a href=\"https:\/\/www.shogaikaratedojo.com\/\">https:\/\/www.shogaikaratedojo.com\/<\/a><\/p>\n<p>\u00a0<\/p>\n<p>ILMOITTAUTUMINEN:\u00a0<\/p>\n<p>\u00a0<\/p>\n<p><\/p>\t\t\t\t\t\t\t\t<\/div>\n\t\t\t\t<\/div>\n\t\t\t\t<div class=\"elementor-element elementor-element-33611b5 elementor-widget__width-initial elementor-widget elementor-widget-html\" data-id=\"33611b5\" data-element_type=\"widget\" data-e-type=\"widget\" data-widget_type=\"html.default\">\n\t\t\t\t<div class=\"elementor-widget-container\">\n\t\t\t\t\t<iframe src=\"https:\/\/docs.google.com\/forms\/d\/e\/1FAIpQLSf8HuQdVcBEXZOH8g8eTBapDp9ZgHvh_FIK-Csb2OUEXPlq9g\/viewform?embedded=true\" width=\"640\" height=\"1327\" frameborder=\"0\" marginheight=\"0\" marginwidth=\"0\">Ladataan\u2026<\/iframe>\t\t\t\t<\/div>\n\t\t\t\t<\/div>\n\t\t\t\t\t<\/div>\n\t\t<\/div>\n\t\t\t\t\t<\/div>\n\t\t<\/section>\n\t\t\t\t<\/div>\n\t\t","protected":false},"excerpt":{"rendered":"<p>Riihim\u00e4ell\u00e4 26-27.10.2024 Leiri on avoin kaikille karatekoille!\u00a0 Simon Bligh, 6 dan HDKI on Iso-Britannian tekninen p\u00e4\u00e4opettaja. \u00a0 Simon tulee pit\u00e4m\u00e4\u00e4n tekniikkaleirin Riihim\u00e4elle 26.-27.10.2024. H\u00e4n on aloittanut karaten vuonna 1974, ja harjoittelee sek\u00e4 opettaa edelleen todella aktiivisesti. Leirille ovat kaikki tervetulleita &#8211; tyylisuunnasta ja i\u00e4st\u00e4 riippumatta! HINTA: 35 \u20ac\/2 PV, 25 \u20ac\/1 PV (Rinkusukanin j\u00e4senet 25 [&hellip;]<\/p>\n","protected":false},"author":1,"featured_media":940,"comment_status":"closed","ping_status":"closed","sticky":false,"template":"","format":"standard","meta":{"footnotes":""},"categories":[1],"tags":[17,16],"class_list":["post-937","post","type-post","status-publish","format-standard","has-post-thumbnail","hentry","category-uncategorized","tag-karateleiri","tag-simon-bligh"],"yoast_head":"<!-- This site is optimized with the Yoast SEO plugin v27.5 - https:\/\/yoast.com\/product\/yoast-seo-wordpress\/ -->\n<title>Sensei Simon Blighin leiri\u00a0 - Rinkusukan karate Riihim&auml;ki<\/title>\n<meta name=\"robots\" content=\"index, follow, max-snippet:-1, max-image-preview:large, max-video-preview:-1\" \/>\n<link rel=\"canonical\" href=\"https:\/\/www.rinkusukankarate.fi\/index.php\/2024\/06\/04\/sensei-simon-blighin-leiri\/\" \/>\n<meta property=\"og:locale\" content=\"fi_FI\" \/>\n<meta property=\"og:type\" content=\"article\" \/>\n<meta property=\"og:title\" content=\"Sensei Simon Blighin leiri\u00a0 - Rinkusukan karate Riihim&auml;ki\" \/>\n<meta property=\"og:description\" content=\"Riihim\u00e4ell\u00e4 26-27.10.2024 Leiri on avoin kaikille karatekoille!\u00a0 Simon Bligh, 6 dan HDKI on Iso-Britannian tekninen p\u00e4\u00e4opettaja. \u00a0 Simon tulee pit\u00e4m\u00e4\u00e4n tekniikkaleirin Riihim\u00e4elle 26.-27.10.2024. H\u00e4n on aloittanut karaten vuonna 1974, ja harjoittelee sek\u00e4 opettaa edelleen todella aktiivisesti. Leirille ovat kaikki tervetulleita &#8211; tyylisuunnasta ja i\u00e4st\u00e4 riippumatta! HINTA: 35 \u20ac\/2 PV, 25 \u20ac\/1 PV (Rinkusukanin j\u00e4senet 25 [&hellip;]\" \/>\n<meta property=\"og:url\" content=\"https:\/\/www.rinkusukankarate.fi\/index.php\/2024\/06\/04\/sensei-simon-blighin-leiri\/\" \/>\n<meta property=\"og:site_name\" content=\"Rinkusukan karate Riihim&auml;ki\" \/>\n<meta property=\"article:published_time\" content=\"2024-06-04T19:09:16+00:00\" \/>\n<meta property=\"article:modified_time\" content=\"2024-10-16T18:10:08+00:00\" \/>\n<meta property=\"og:image\" content=\"https:\/\/www.rinkusukankarate.fi\/wp-content\/uploads\/2024\/06\/Rinkusukan-Simon-Bligh-3.png\" \/>\n\t<meta property=\"og:image:width\" content=\"940\" \/>\n\t<meta property=\"og:image:height\" content=\"788\" \/>\n\t<meta property=\"og:image:type\" content=\"image\/png\" \/>\n<meta name=\"author\" content=\"admin\" \/>\n<meta name=\"twitter:card\" content=\"summary_large_image\" \/>\n<meta name=\"twitter:label1\" content=\"Kirjoittanut\" \/>\n\t<meta name=\"twitter:data1\" content=\"admin\" \/>\n\t<meta name=\"twitter:label2\" content=\"Arvioitu lukuaika\" \/>\n\t<meta name=\"twitter:data2\" content=\"1 minuutti\" \/>\n<script type=\"application\/ld+json\" class=\"yoast-schema-graph\">{\"@context\":\"https:\\\/\\\/schema.org\",\"@graph\":[{\"@type\":\"Article\",\"@id\":\"https:\\\/\\\/www.rinkusukankarate.fi\\\/index.php\\\/2024\\\/06\\\/04\\\/sensei-simon-blighin-leiri\\\/#article\",\"isPartOf\":{\"@id\":\"https:\\\/\\\/www.rinkusukankarate.fi\\\/index.php\\\/2024\\\/06\\\/04\\\/sensei-simon-blighin-leiri\\\/\"},\"author\":{\"name\":\"admin\",\"@id\":\"https:\\\/\\\/www.rinkusukankarate.fi\\\/#\\\/schema\\\/person\\\/29e943d390c6a00b7b033d37dc9c04e0\"},\"headline\":\"Sensei Simon Blighin leiri\u00a0\",\"datePublished\":\"2024-06-04T19:09:16+00:00\",\"dateModified\":\"2024-10-16T18:10:08+00:00\",\"mainEntityOfPage\":{\"@id\":\"https:\\\/\\\/www.rinkusukankarate.fi\\\/index.php\\\/2024\\\/06\\\/04\\\/sensei-simon-blighin-leiri\\\/\"},\"wordCount\":93,\"publisher\":{\"@id\":\"https:\\\/\\\/www.rinkusukankarate.fi\\\/#organization\"},\"image\":{\"@id\":\"https:\\\/\\\/www.rinkusukankarate.fi\\\/index.php\\\/2024\\\/06\\\/04\\\/sensei-simon-blighin-leiri\\\/#primaryimage\"},\"thumbnailUrl\":\"https:\\\/\\\/www.rinkusukankarate.fi\\\/wp-content\\\/uploads\\\/2024\\\/06\\\/Rinkusukan-Simon-Bligh-3.png\",\"keywords\":[\"karateleiri\",\"simon bligh\"],\"articleSection\":[\"Uncategorized\"],\"inLanguage\":\"fi\"},{\"@type\":\"WebPage\",\"@id\":\"https:\\\/\\\/www.rinkusukankarate.fi\\\/index.php\\\/2024\\\/06\\\/04\\\/sensei-simon-blighin-leiri\\\/\",\"url\":\"https:\\\/\\\/www.rinkusukankarate.fi\\\/index.php\\\/2024\\\/06\\\/04\\\/sensei-simon-blighin-leiri\\\/\",\"name\":\"Sensei Simon Blighin leiri\u00a0 - Rinkusukan karate Riihim&auml;ki\",\"isPartOf\":{\"@id\":\"https:\\\/\\\/www.rinkusukankarate.fi\\\/#website\"},\"primaryImageOfPage\":{\"@id\":\"https:\\\/\\\/www.rinkusukankarate.fi\\\/index.php\\\/2024\\\/06\\\/04\\\/sensei-simon-blighin-leiri\\\/#primaryimage\"},\"image\":{\"@id\":\"https:\\\/\\\/www.rinkusukankarate.fi\\\/index.php\\\/2024\\\/06\\\/04\\\/sensei-simon-blighin-leiri\\\/#primaryimage\"},\"thumbnailUrl\":\"https:\\\/\\\/www.rinkusukankarate.fi\\\/wp-content\\\/uploads\\\/2024\\\/06\\\/Rinkusukan-Simon-Bligh-3.png\",\"datePublished\":\"2024-06-04T19:09:16+00:00\",\"dateModified\":\"2024-10-16T18:10:08+00:00\",\"breadcrumb\":{\"@id\":\"https:\\\/\\\/www.rinkusukankarate.fi\\\/index.php\\\/2024\\\/06\\\/04\\\/sensei-simon-blighin-leiri\\\/#breadcrumb\"},\"inLanguage\":\"fi\",\"potentialAction\":[{\"@type\":\"ReadAction\",\"target\":[\"https:\\\/\\\/www.rinkusukankarate.fi\\\/index.php\\\/2024\\\/06\\\/04\\\/sensei-simon-blighin-leiri\\\/\"]}]},{\"@type\":\"ImageObject\",\"inLanguage\":\"fi\",\"@id\":\"https:\\\/\\\/www.rinkusukankarate.fi\\\/index.php\\\/2024\\\/06\\\/04\\\/sensei-simon-blighin-leiri\\\/#primaryimage\",\"url\":\"https:\\\/\\\/www.rinkusukankarate.fi\\\/wp-content\\\/uploads\\\/2024\\\/06\\\/Rinkusukan-Simon-Bligh-3.png\",\"contentUrl\":\"https:\\\/\\\/www.rinkusukankarate.fi\\\/wp-content\\\/uploads\\\/2024\\\/06\\\/Rinkusukan-Simon-Bligh-3.png\",\"width\":940,\"height\":788},{\"@type\":\"BreadcrumbList\",\"@id\":\"https:\\\/\\\/www.rinkusukankarate.fi\\\/index.php\\\/2024\\\/06\\\/04\\\/sensei-simon-blighin-leiri\\\/#breadcrumb\",\"itemListElement\":[{\"@type\":\"ListItem\",\"position\":1,\"name\":\"Etusivu\",\"item\":\"https:\\\/\\\/www.rinkusukankarate.fi\\\/\"},{\"@type\":\"ListItem\",\"position\":2,\"name\":\"Sensei Simon Blighin leiri\u00a0\"}]},{\"@type\":\"WebSite\",\"@id\":\"https:\\\/\\\/www.rinkusukankarate.fi\\\/#website\",\"url\":\"https:\\\/\\\/www.rinkusukankarate.fi\\\/\",\"name\":\"Rinkusukan karate Riihim&auml;ki\",\"description\":\"Tervetuloa kaikki nuoret ja aikuiset!\",\"publisher\":{\"@id\":\"https:\\\/\\\/www.rinkusukankarate.fi\\\/#organization\"},\"potentialAction\":[{\"@type\":\"SearchAction\",\"target\":{\"@type\":\"EntryPoint\",\"urlTemplate\":\"https:\\\/\\\/www.rinkusukankarate.fi\\\/?s={search_term_string}\"},\"query-input\":{\"@type\":\"PropertyValueSpecification\",\"valueRequired\":true,\"valueName\":\"search_term_string\"}}],\"inLanguage\":\"fi\"},{\"@type\":\"Organization\",\"@id\":\"https:\\\/\\\/www.rinkusukankarate.fi\\\/#organization\",\"name\":\"Rinkusukan karate Riihim&auml;ki\",\"url\":\"https:\\\/\\\/www.rinkusukankarate.fi\\\/\",\"logo\":{\"@type\":\"ImageObject\",\"inLanguage\":\"fi\",\"@id\":\"https:\\\/\\\/www.rinkusukankarate.fi\\\/#\\\/schema\\\/logo\\\/image\\\/\",\"url\":\"https:\\\/\\\/www.rinkusukankarate.fi\\\/wp-content\\\/uploads\\\/2022\\\/12\\\/Rinkusukan-logo-scaled.jpg\",\"contentUrl\":\"https:\\\/\\\/www.rinkusukankarate.fi\\\/wp-content\\\/uploads\\\/2022\\\/12\\\/Rinkusukan-logo-scaled.jpg\",\"width\":2560,\"height\":939,\"caption\":\"Rinkusukan karate Riihim&auml;ki\"},\"image\":{\"@id\":\"https:\\\/\\\/www.rinkusukankarate.fi\\\/#\\\/schema\\\/logo\\\/image\\\/\"}},{\"@type\":\"Person\",\"@id\":\"https:\\\/\\\/www.rinkusukankarate.fi\\\/#\\\/schema\\\/person\\\/29e943d390c6a00b7b033d37dc9c04e0\",\"name\":\"admin\",\"image\":{\"@type\":\"ImageObject\",\"inLanguage\":\"fi\",\"@id\":\"https:\\\/\\\/secure.gravatar.com\\\/avatar\\\/3bbed3ec97a10e02fb9be8e40ccc465f71cd147ee65e0ab5b606ee812984183e?s=96&d=mm&r=g\",\"url\":\"https:\\\/\\\/secure.gravatar.com\\\/avatar\\\/3bbed3ec97a10e02fb9be8e40ccc465f71cd147ee65e0ab5b606ee812984183e?s=96&d=mm&r=g\",\"contentUrl\":\"https:\\\/\\\/secure.gravatar.com\\\/avatar\\\/3bbed3ec97a10e02fb9be8e40ccc465f71cd147ee65e0ab5b606ee812984183e?s=96&d=mm&r=g\",\"caption\":\"admin\"},\"sameAs\":[\"http:\\\/\\\/www.rinkusukankarate.fi\"],\"url\":\"https:\\\/\\\/www.rinkusukankarate.fi\\\/index.php\\\/author\\\/admin\\\/\"}]}<\/script>\n<!-- \/ Yoast SEO plugin. -->","yoast_head_json":{"title":"Sensei Simon Blighin leiri\u00a0 - Rinkusukan karate Riihim&auml;ki","robots":{"index":"index","follow":"follow","max-snippet":"max-snippet:-1","max-image-preview":"max-image-preview:large","max-video-preview":"max-video-preview:-1"},"canonical":"https:\/\/www.rinkusukankarate.fi\/index.php\/2024\/06\/04\/sensei-simon-blighin-leiri\/","og_locale":"fi_FI","og_type":"article","og_title":"Sensei Simon Blighin leiri\u00a0 - Rinkusukan karate Riihim&auml;ki","og_description":"Riihim\u00e4ell\u00e4 26-27.10.2024 Leiri on avoin kaikille karatekoille!\u00a0 Simon Bligh, 6 dan HDKI on Iso-Britannian tekninen p\u00e4\u00e4opettaja. \u00a0 Simon tulee pit\u00e4m\u00e4\u00e4n tekniikkaleirin Riihim\u00e4elle 26.-27.10.2024. H\u00e4n on aloittanut karaten vuonna 1974, ja harjoittelee sek\u00e4 opettaa edelleen todella aktiivisesti. Leirille ovat kaikki tervetulleita &#8211; tyylisuunnasta ja i\u00e4st\u00e4 riippumatta! HINTA: 35 \u20ac\/2 PV, 25 \u20ac\/1 PV (Rinkusukanin j\u00e4senet 25 [&hellip;]","og_url":"https:\/\/www.rinkusukankarate.fi\/index.php\/2024\/06\/04\/sensei-simon-blighin-leiri\/","og_site_name":"Rinkusukan karate Riihim&auml;ki","article_published_time":"2024-06-04T19:09:16+00:00","article_modified_time":"2024-10-16T18:10:08+00:00","og_image":[{"width":940,"height":788,"url":"https:\/\/www.rinkusukankarate.fi\/wp-content\/uploads\/2024\/06\/Rinkusukan-Simon-Bligh-3.png","type":"image\/png"}],"author":"admin","twitter_card":"summary_large_image","twitter_misc":{"Kirjoittanut":"admin","Arvioitu lukuaika":"1 minuutti"},"schema":{"@context":"https:\/\/schema.org","@graph":[{"@type":"Article","@id":"https:\/\/www.rinkusukankarate.fi\/index.php\/2024\/06\/04\/sensei-simon-blighin-leiri\/#article","isPartOf":{"@id":"https:\/\/www.rinkusukankarate.fi\/index.php\/2024\/06\/04\/sensei-simon-blighin-leiri\/"},"author":{"name":"admin","@id":"https:\/\/www.rinkusukankarate.fi\/#\/schema\/person\/29e943d390c6a00b7b033d37dc9c04e0"},"headline":"Sensei Simon Blighin leiri\u00a0","datePublished":"2024-06-04T19:09:16+00:00","dateModified":"2024-10-16T18:10:08+00:00","mainEntityOfPage":{"@id":"https:\/\/www.rinkusukankarate.fi\/index.php\/2024\/06\/04\/sensei-simon-blighin-leiri\/"},"wordCount":93,"publisher":{"@id":"https:\/\/www.rinkusukankarate.fi\/#organization"},"image":{"@id":"https:\/\/www.rinkusukankarate.fi\/index.php\/2024\/06\/04\/sensei-simon-blighin-leiri\/#primaryimage"},"thumbnailUrl":"https:\/\/www.rinkusukankarate.fi\/wp-content\/uploads\/2024\/06\/Rinkusukan-Simon-Bligh-3.png","keywords":["karateleiri","simon bligh"],"articleSection":["Uncategorized"],"inLanguage":"fi"},{"@type":"WebPage","@id":"https:\/\/www.rinkusukankarate.fi\/index.php\/2024\/06\/04\/sensei-simon-blighin-leiri\/","url":"https:\/\/www.rinkusukankarate.fi\/index.php\/2024\/06\/04\/sensei-simon-blighin-leiri\/","name":"Sensei Simon Blighin leiri\u00a0 - Rinkusukan karate Riihim&auml;ki","isPartOf":{"@id":"https:\/\/www.rinkusukankarate.fi\/#website"},"primaryImageOfPage":{"@id":"https:\/\/www.rinkusukankarate.fi\/index.php\/2024\/06\/04\/sensei-simon-blighin-leiri\/#primaryimage"},"image":{"@id":"https:\/\/www.rinkusukankarate.fi\/index.php\/2024\/06\/04\/sensei-simon-blighin-leiri\/#primaryimage"},"thumbnailUrl":"https:\/\/www.rinkusukankarate.fi\/wp-content\/uploads\/2024\/06\/Rinkusukan-Simon-Bligh-3.png","datePublished":"2024-06-04T19:09:16+00:00","dateModified":"2024-10-16T18:10:08+00:00","breadcrumb":{"@id":"https:\/\/www.rinkusukankarate.fi\/index.php\/2024\/06\/04\/sensei-simon-blighin-leiri\/#breadcrumb"},"inLanguage":"fi","potentialAction":[{"@type":"ReadAction","target":["https:\/\/www.rinkusukankarate.fi\/index.php\/2024\/06\/04\/sensei-simon-blighin-leiri\/"]}]},{"@type":"ImageObject","inLanguage":"fi","@id":"https:\/\/www.rinkusukankarate.fi\/index.php\/2024\/06\/04\/sensei-simon-blighin-leiri\/#primaryimage","url":"https:\/\/www.rinkusukankarate.fi\/wp-content\/uploads\/2024\/06\/Rinkusukan-Simon-Bligh-3.png","contentUrl":"https:\/\/www.rinkusukankarate.fi\/wp-content\/uploads\/2024\/06\/Rinkusukan-Simon-Bligh-3.png","width":940,"height":788},{"@type":"BreadcrumbList","@id":"https:\/\/www.rinkusukankarate.fi\/index.php\/2024\/06\/04\/sensei-simon-blighin-leiri\/#breadcrumb","itemListElement":[{"@type":"ListItem","position":1,"name":"Etusivu","item":"https:\/\/www.rinkusukankarate.fi\/"},{"@type":"ListItem","position":2,"name":"Sensei Simon Blighin leiri\u00a0"}]},{"@type":"WebSite","@id":"https:\/\/www.rinkusukankarate.fi\/#website","url":"https:\/\/www.rinkusukankarate.fi\/","name":"Rinkusukan karate Riihim&auml;ki","description":"Tervetuloa kaikki nuoret ja aikuiset!","publisher":{"@id":"https:\/\/www.rinkusukankarate.fi\/#organization"},"potentialAction":[{"@type":"SearchAction","target":{"@type":"EntryPoint","urlTemplate":"https:\/\/www.rinkusukankarate.fi\/?s={search_term_string}"},"query-input":{"@type":"PropertyValueSpecification","valueRequired":true,"valueName":"search_term_string"}}],"inLanguage":"fi"},{"@type":"Organization","@id":"https:\/\/www.rinkusukankarate.fi\/#organization","name":"Rinkusukan karate Riihim&auml;ki","url":"https:\/\/www.rinkusukankarate.fi\/","logo":{"@type":"ImageObject","inLanguage":"fi","@id":"https:\/\/www.rinkusukankarate.fi\/#\/schema\/logo\/image\/","url":"https:\/\/www.rinkusukankarate.fi\/wp-content\/uploads\/2022\/12\/Rinkusukan-logo-scaled.jpg","contentUrl":"https:\/\/www.rinkusukankarate.fi\/wp-content\/uploads\/2022\/12\/Rinkusukan-logo-scaled.jpg","width":2560,"height":939,"caption":"Rinkusukan karate Riihim&auml;ki"},"image":{"@id":"https:\/\/www.rinkusukankarate.fi\/#\/schema\/logo\/image\/"}},{"@type":"Person","@id":"https:\/\/www.rinkusukankarate.fi\/#\/schema\/person\/29e943d390c6a00b7b033d37dc9c04e0","name":"admin","image":{"@type":"ImageObject","inLanguage":"fi","@id":"https:\/\/secure.gravatar.com\/avatar\/3bbed3ec97a10e02fb9be8e40ccc465f71cd147ee65e0ab5b606ee812984183e?s=96&d=mm&r=g","url":"https:\/\/secure.gravatar.com\/avatar\/3bbed3ec97a10e02fb9be8e40ccc465f71cd147ee65e0ab5b606ee812984183e?s=96&d=mm&r=g","contentUrl":"https:\/\/secure.gravatar.com\/avatar\/3bbed3ec97a10e02fb9be8e40ccc465f71cd147ee65e0ab5b606ee812984183e?s=96&d=mm&r=g","caption":"admin"},"sameAs":["http:\/\/www.rinkusukankarate.fi"],"url":"https:\/\/www.rinkusukankarate.fi\/index.php\/author\/admin\/"}]}},"_links":{"self":[{"href":"https:\/\/www.rinkusukankarate.fi\/index.php\/wp-json\/wp\/v2\/posts\/937","targetHints":{"allow":["GET"]}}],"collection":[{"href":"https:\/\/www.rinkusukankarate.fi\/index.php\/wp-json\/wp\/v2\/posts"}],"about":[{"href":"https:\/\/www.rinkusukankarate.fi\/index.php\/wp-json\/wp\/v2\/types\/post"}],"author":[{"embeddable":true,"href":"https:\/\/www.rinkusukankarate.fi\/index.php\/wp-json\/wp\/v2\/users\/1"}],"replies":[{"embeddable":true,"href":"https:\/\/www.rinkusukankarate.fi\/index.php\/wp-json\/wp\/v2\/comments?post=937"}],"version-history":[{"count":25,"href":"https:\/\/www.rinkusukankarate.fi\/index.php\/wp-json\/wp\/v2\/posts\/937\/revisions"}],"predecessor-version":[{"id":1038,"href":"https:\/\/www.rinkusukankarate.fi\/index.php\/wp-json\/wp\/v2\/posts\/937\/revisions\/1038"}],"wp:featuredmedia":[{"embeddable":true,"href":"https:\/\/www.rinkusukankarate.fi\/index.php\/wp-json\/wp\/v2\/media\/940"}],"wp:attachment":[{"href":"https:\/\/www.rinkusukankarate.fi\/index.php\/wp-json\/wp\/v2\/media?parent=937"}],"wp:term":[{"taxonomy":"category","embeddable":true,"href":"https:\/\/www.rinkusukankarate.fi\/index.php\/wp-json\/wp\/v2\/categories?post=937"},{"taxonomy":"post_tag","embeddable":true,"href":"https:\/\/www.rinkusukankarate.fi\/index.php\/wp-json\/wp\/v2\/tags?post=937"}],"curies":[{"name":"wp","href":"https:\/\/api.w.org\/{rel}","templated":true}]}}